{"id":9855,"date":"2025-04-09T17:34:00","date_gmt":"2025-04-09T15:34:00","guid":{"rendered":"https:\/\/gevgelija.biz\/ana-mitevskanin-turkuaz-hikayeler-yasam-kaynagi-adli-kisisel-sergisi\/"},"modified":"2025-07-07T19:04:12","modified_gmt":"2025-07-07T17:04:12","slug":"ana-mitevskanin-turkuaz-hikayeler-yasam-kaynagi-adli-kisisel-sergisi","status":"publish","type":"post","link":"https:\/\/gevgelija.biz\/tr\/ana-mitevskanin-turkuaz-hikayeler-yasam-kaynagi-adli-kisisel-sergisi\/","title":{"rendered":"Ana Mitevska&#8217;n\u0131n &#8220;Turkuaz Hikayeler &#8211; Ya\u015fam Kayna\u011f\u0131&#8221; adl\u0131 ki\u015fisel sergisi"},"content":{"rendered":"\t\t<div data-elementor-type=\"wp-post\" data-elementor-id=\"9855\" class=\"elementor elementor-9855 elementor-6531\" data-elementor-post-type=\"post\">\n\t\t\t\t\t\t<section class=\"has-el-gap el-gap-default elementor-section elementor-top-section elementor-element elementor-element-3170b03 elementor-section-boxed elementor-section-height-default elementor-section-height-default\" data-id=\"3170b03\" data-element_type=\"section\" data-e-type=\"section\">\n\t\t\t\t\t\t<div class=\"elementor-container elementor-column-gap-no\">\n\t\t\t\t\t<div class=\"elementor-column elementor-col-100 elementor-top-column elementor-element elementor-element-2643ce1\" data-id=\"2643ce1\" data-element_type=\"column\" data-e-type=\"column\">\n\t\t\t<div class=\"elementor-widget-wrap elementor-element-populated\">\n\t\t\t\t\t\t<div class=\"elementor-element elementor-element-51e9cfd elementor-widget elementor-widget-text-editor\" data-id=\"51e9cfd\" data-element_type=\"widget\" data-e-type=\"widget\" data-widget_type=\"text-editor.default\">\n\t\t\t\t<div class=\"elementor-widget-container\">\n\t\t\t\t\t\t\t\t\t<p class=\"p1\">Gevgelija M\u00fczesi&#8217;ndeki &#8220;Amam&#8221; Galerisi, \u00dcsk\u00fcp Mimarl\u0131k, Tasar\u0131m ve K\u00fclt\u00fcr Derne\u011fi &#8220;Arhifact&#8221; i\u015fbirli\u011fiyle, 11 Nisan 2025 tarihinde saat 17:30&#8217;da, yazar Ana Mitevska&#8217;n\u0131n &#8221; <b>Turkuaz Masallar &#8211; Ya\u015fam Kayna\u011f\u0131<\/b> <i>&#8221; ba\u015fl\u0131kl\u0131 ki\u015fisel sergisini Gevgelija halk\u0131na sunman\u0131n \u00f6zel onuruna sahip olacakt\u0131r.<\/i> <\/p><p class=\"p1\">M\u00fczelerin gayriresmi a\u011f\u0131 MuseumLink&#8217;in yazar\u0131 Jasminka Namicheva taraf\u0131ndan d\u00fczenlenen bu sergi sunumu, Temmuz 2024&#8217;ten bu yana \u00dcsk\u00fcp d\u0131\u015f\u0131ndaki m\u00fczelerde ve k\u00fclt\u00fcr merkezlerinde turda. Sergi, ba\u015flang\u0131\u00e7ta 2024&#8217;te Mitevska&#8217;n\u0131n \u00fc\u00e7\u00fcnc\u00fc ki\u015fisel sergisi olarak \u00dcsk\u00fcp \u015eehir M\u00fczesi&#8217;nde ger\u00e7ekle\u015ftirildi. Serginin k\u00fcrat\u00f6r\u00fc Gordana Velkova&#8217;d\u0131r.     <\/p><p class=\"p1\">Sanat \u00f6yk\u00fcleri, turkuaz renginin melodik ritminde derecelenen, renksel yap\u0131sal kompozisyonlarla birbirine ba\u011flanan ve sanat mek\u00e2n\u0131ndaki sanat unsurlar\u0131n\u0131 yaratan \u00e7e\u015fitli tematik d\u00f6ng\u00fclerin par\u00e7as\u0131d\u0131r.  <\/p><p class=\"p1\">D\u00f6ng\u00fcdeki her kompozisyon stilistik olarak bir sonrakine ak\u0131yor ve her d\u00f6ng\u00fc bir sonrakine devam ederek, sanat\u00e7\u0131n\u0131n amorf sanatsal formunu \u00e7e\u015fitli yap\u0131sal y\u00fczeylere d\u00f6n\u00fc\u015ft\u00fcrd\u00fc\u011f\u00fc eserlerinin t\u00fcm kurulumunu in\u015fa ediyor; t\u0131pk\u0131 Turkuaz ta\u015f\u0131n\u0131n do\u011fas\u0131ndaki yap\u0131n\u0131n ta\u015ftan kristale d\u00f6n\u00fc\u015f\u00fcm\u00fc gibi.<\/p><p class=\"p1\"><b>A\u00e7\u0131l\u0131\u015f: Cuma, 11 Nisan 2025<\/b><br> <span class=\"s1\">\u23f0<\/span> <b>Ba\u015flang\u0131\u00e7: 17:30<\/b><\/p><p class=\"p3\"><b>Yer:<\/b> AMAM Sanat Galerisi, Gevgeli<br> <b>Giri\u015f: \u00dccretsiz<\/b><\/p><p class=\"p4\">Sergi <b>, &#8220;Gevgelija &#8211; K\u00fclt\u00fcr \u015eehri 2025&#8221;<\/b> program\u0131 kapsam\u0131ndaki k\u00fclt\u00fcrel etkinliklerin bir par\u00e7as\u0131d\u0131r.<br><br><\/p>\t\t\t\t\t\t\t\t<\/div>\n\t\t\t\t<\/div>\n\t\t\t\t\t<\/div>\n\t\t<\/div>\n\t\t\t\t\t<\/div>\n\t\t<\/section>\n\t\t\t\t<\/div>\n\t\t","protected":false},"excerpt":{"rendered":"<p>Gevgelija M\u00fczesi&#8217;ndeki &#8220;Amam&#8221; Galerisi, \u00dcsk\u00fcp Mimarl\u0131k, Tasar\u0131m ve K\u00fclt\u00fcr Derne\u011fi &#8220;Arhifact&#8221; i\u015fbirli\u011fiyle, 11 Nisan 2025 tarihinde saat 17:30&#8217;da, yazar Ana Mitevska&#8217;n\u0131n &#8221; Turkuaz Masallar &#8211; Ya\u015fam Kayna\u011f\u0131 &#8221; ba\u015fl\u0131kl\u0131 ki\u015fisel sergisini Gevgelija halk\u0131na sunman\u0131n \u00f6zel onuruna sahip olacakt\u0131r. M\u00fczelerin gayriresmi a\u011f\u0131 MuseumLink&#8217;in yazar\u0131 Jasminka Namicheva taraf\u0131ndan d\u00fczenlenen bu sergi sunumu, Temmuz 2024&#8217;ten bu yana \u00dcsk\u00fcp<\/p>\n","protected":false},"author":1,"featured_media":9858,"comment_status":"open","ping_status":"closed","sticky":false,"template":"","format":"standard","meta":{"footnotes":""},"categories":[1240],"tags":[],"class_list":{"0":"post-9855","1":"post","2":"type-post","3":"status-publish","4":"format-standard","5":"has-post-thumbnail","7":"category-kultur"},"_links":{"self":[{"href":"https:\/\/gevgelija.biz\/tr\/wp-json\/wp\/v2\/posts\/9855","targetHints":{"allow":["GET"]}}],"collection":[{"href":"https:\/\/gevgelija.biz\/tr\/wp-json\/wp\/v2\/posts"}],"about":[{"href":"https:\/\/gevgelija.biz\/tr\/wp-json\/wp\/v2\/types\/post"}],"author":[{"embeddable":true,"href":"https:\/\/gevgelija.biz\/tr\/wp-json\/wp\/v2\/users\/1"}],"replies":[{"embeddable":true,"href":"https:\/\/gevgelija.biz\/tr\/wp-json\/wp\/v2\/comments?post=9855"}],"version-history":[{"count":11,"href":"https:\/\/gevgelija.biz\/tr\/wp-json\/wp\/v2\/posts\/9855\/revisions"}],"predecessor-version":[{"id":9908,"href":"https:\/\/gevgelija.biz\/tr\/wp-json\/wp\/v2\/posts\/9855\/revisions\/9908"}],"wp:featuredmedia":[{"embeddable":true,"href":"https:\/\/gevgelija.biz\/tr\/wp-json\/wp\/v2\/media\/9858"}],"wp:attachment":[{"href":"https:\/\/gevgelija.biz\/tr\/wp-json\/wp\/v2\/media?parent=9855"}],"wp:term":[{"taxonomy":"category","embeddable":true,"href":"https:\/\/gevgelija.biz\/tr\/wp-json\/wp\/v2\/categories?post=9855"},{"taxonomy":"post_tag","embeddable":true,"href":"https:\/\/gevgelija.biz\/tr\/wp-json\/wp\/v2\/tags?post=9855"}],"curies":[{"name":"wp","href":"https:\/\/api.w.org\/{rel}","templated":true}]}}